{"id":1071,"date":"2019-11-22T16:41:00","date_gmt":"2019-11-22T14:41:00","guid":{"rendered":"https:\/\/napsa.eu\/?p=1071"},"modified":"2023-09-01T16:45:19","modified_gmt":"2023-09-01T13:45:19","slug":"kalenteritytot-valloittavat-helmikuussa","status":"publish","type":"post","link":"https:\/\/napsa.eu\/?p=1071","title":{"rendered":"Kalenterityt\u00f6t valloittavat helmikuussa!"},"content":{"rendered":"<p><\/p>\n<p><span class=\"fbPhotosPhotoCaption\" style=\"outline: none; display: inline; width: auto; font-size: 14px; line-height: 18px; font-family: system-ui, -apple-system, system-ui, '.SFNSText-Regular', sans-serif; color: #1d2129;\" tabindex=\"0\" data-ft=\"{&quot;tn&quot;:&quot;K&quot;}\"><span class=\"hasCaption\" style=\"font-family: inherit;\">&nbsp;<\/span><\/span><\/p>\n\n\n<figure class=\"wp-block-image size-large is-resized\"><img loading=\"lazy\" src=\"http:\/\/napsa.eu\/wp-content\/uploads\/2020\/01\/kalenterityt\u00f6t-727x1024.jpg\" alt=\"\" class=\"wp-image-986\" width=\"1274\" height=\"1793\" srcset=\"https:\/\/napsa.eu\/wp-content\/uploads\/2020\/01\/kalenterityt\u00f6t-727x1024.jpg 727w, https:\/\/napsa.eu\/wp-content\/uploads\/2020\/01\/kalenterityt\u00f6t-213x300.jpg 213w, https:\/\/napsa.eu\/wp-content\/uploads\/2020\/01\/kalenterityt\u00f6t-768x1082.jpg 768w, https:\/\/napsa.eu\/wp-content\/uploads\/2020\/01\/kalenterityt\u00f6t-1454x2048.jpg 1454w\" sizes=\"(max-width: 1274px) 100vw, 1274px\" \/><\/figure>\n\n\n\n<p>No nyt meill\u00e4 on mahtavia uutisia! Yst\u00e4v\u00e4np\u00e4iv\u00e4n\u00e4 14.2.2020 saa ensi-iltansa Kalenterityt\u00f6t. N\u00e4ytelm\u00e4n ohjaa Sanna Saarela ja lavalla n\u00e4hd\u00e4\u00e4n joukko mielett\u00f6m\u00e4n rohkeita naisia, miehi\u00e4 unohtamatta. Olemme aivan varmoja, ett\u00e4 t\u00e4m\u00e4n haluaa n\u00e4hd\u00e4 kaikki!! Ja eih\u00e4n n\u00e4ytelm\u00e4, jossa hyv\u00e4n asian puolesta tehd\u00e4\u00e4n nakukalenteri olisi mit\u00e4\u00e4n, jos ei sit\u00e4 kalenteria olisi ihan oikeasti tehty. Joten nyt sulla on mahdollisuus ostaa ensi vuodelle kalenteri, joka on pikkaisen kuumempi ja hauskempi, kuin ne kaupan perus maisemakalenterit. Ensimm\u00e4iset painotuoreet kalenterit on mahdollista ostaa huomenna 23.11. Keltaisen talon kulttuurikahvilalta. N\u00e4hd\u00e4\u00e4n siell\u00e4! <\/p>\n<p><\/p>","protected":false},"excerpt":{"rendered":"<p>&nbsp; No nyt meill\u00e4 on mahtavia uutisia! Yst\u00e4v\u00e4np\u00e4iv\u00e4n\u00e4 14.2.2020 saa ensi-iltansa Kalenterityt\u00f6t. N\u00e4ytelm\u00e4n ohjaa Sanna Saarela ja lavalla n\u00e4hd\u00e4\u00e4n joukko mielett\u00f6m\u00e4n rohkeita naisia, miehi\u00e4 unohtamatta. Olemme aivan varmoja, ett\u00e4 t\u00e4m\u00e4n haluaa n\u00e4hd\u00e4 kaikki!! Ja eih\u00e4n n\u00e4ytelm\u00e4, jossa hyv\u00e4n asian puolesta tehd\u00e4\u00e4n nakukalenteri olisi mit\u00e4\u00e4n, jos ei sit\u00e4 kalenteria olisi ihan oikeasti tehty. Joten nyt sulla [&hellip;]<\/p>\n","protected":false},"author":23,"featured_media":0,"comment_status":"closed","ping_status":"closed","sticky":false,"template":"","format":"standard","meta":[],"categories":[1],"tags":[],"_links":{"self":[{"href":"https:\/\/napsa.eu\/index.php?rest_route=\/wp\/v2\/posts\/1071"}],"collection":[{"href":"https:\/\/napsa.eu\/index.php?rest_route=\/wp\/v2\/posts"}],"about":[{"href":"https:\/\/napsa.eu\/index.php?rest_route=\/wp\/v2\/types\/post"}],"author":[{"embeddable":true,"href":"https:\/\/napsa.eu\/index.php?rest_route=\/wp\/v2\/users\/23"}],"replies":[{"embeddable":true,"href":"https:\/\/napsa.eu\/index.php?rest_route=%2Fwp%2Fv2%2Fcomments&post=1071"}],"version-history":[{"count":1,"href":"https:\/\/napsa.eu\/index.php?rest_route=\/wp\/v2\/posts\/1071\/revisions"}],"predecessor-version":[{"id":1072,"href":"https:\/\/napsa.eu\/index.php?rest_route=\/wp\/v2\/posts\/1071\/revisions\/1072"}],"wp:attachment":[{"href":"https:\/\/napsa.eu\/index.php?rest_route=%2Fwp%2Fv2%2Fmedia&parent=1071"}],"wp:term":[{"taxonomy":"category","embeddable":true,"href":"https:\/\/napsa.eu\/index.php?rest_route=%2Fwp%2Fv2%2Fcategories&post=1071"},{"taxonomy":"post_tag","embeddable":true,"href":"https:\/\/napsa.eu\/index.php?rest_route=%2Fwp%2Fv2%2Ftags&post=1071"}],"curies":[{"name":"wp","href":"https:\/\/api.w.org\/{rel}","templated":true}]}}